{"id":1743,"date":"2016-03-14T22:13:14","date_gmt":"2016-03-14T20:13:14","guid":{"rendered":"http:\/\/www.useuse.de\/uselog\/?p=1743"},"modified":"2016-03-15T10:48:33","modified_gmt":"2016-03-15T08:48:33","slug":"semperoper-dresden-jahresvorschau-20162017","status":"publish","type":"post","link":"http:\/\/www.useuse.de\/uselog\/?p=1743","title":{"rendered":"Semperoper Dresden | Jahresvorschau 2016\/2017"},"content":{"rendered":"<p style=\"text-align: center;\"><a href=\"http:\/\/www.useuse.de\/uselog\/wp-content\/uploads\/2016\/03\/1603-semperoper-foto-alexjahn-web.jpg\"><img loading=\"lazy\" decoding=\"async\" class=\"alignleft size-full wp-image-1748\" src=\"http:\/\/www.useuse.de\/uselog\/wp-content\/uploads\/2016\/03\/1603-semperoper-foto-alexjahn-web.jpg\" alt=\"\" width=\"500\" height=\"666\" srcset=\"http:\/\/www.useuse.de\/uselog\/wp-content\/uploads\/2016\/03\/1603-semperoper-foto-alexjahn-web.jpg 800w, http:\/\/www.useuse.de\/uselog\/wp-content\/uploads\/2016\/03\/1603-semperoper-foto-alexjahn-web-225x300.jpg 225w, http:\/\/www.useuse.de\/uselog\/wp-content\/uploads\/2016\/03\/1603-semperoper-foto-alexjahn-web-768x1023.jpg 768w\" sizes=\"auto, (max-width: 500px) 100vw, 500px\" \/><\/a><\/p>\n<p style=\"text-align: center;\"><a href=\"http:\/\/www.useuse.de\/uselog\/wp-content\/uploads\/2016\/03\/1603-mozart-wimmel-semperoper-alexjahn-web.jpg\"><img loading=\"lazy\" decoding=\"async\" class=\"alignleft size-full wp-image-1744\" src=\"http:\/\/www.useuse.de\/uselog\/wp-content\/uploads\/2016\/03\/1603-mozart-wimmel-semperoper-alexjahn-web.jpg\" alt=\"\" width=\"500\" height=\"340\" srcset=\"http:\/\/www.useuse.de\/uselog\/wp-content\/uploads\/2016\/03\/1603-mozart-wimmel-semperoper-alexjahn-web.jpg 1600w, http:\/\/www.useuse.de\/uselog\/wp-content\/uploads\/2016\/03\/1603-mozart-wimmel-semperoper-alexjahn-web-300x204.jpg 300w, http:\/\/www.useuse.de\/uselog\/wp-content\/uploads\/2016\/03\/1603-mozart-wimmel-semperoper-alexjahn-web-1024x696.jpg 1024w, http:\/\/www.useuse.de\/uselog\/wp-content\/uploads\/2016\/03\/1603-mozart-wimmel-semperoper-alexjahn-web-768x522.jpg 768w, http:\/\/www.useuse.de\/uselog\/wp-content\/uploads\/2016\/03\/1603-mozart-wimmel-semperoper-alexjahn-web-1536x1044.jpg 1536w\" sizes=\"auto, (max-width: 500px) 100vw, 500px\" \/><\/a><\/p>\n<p style=\"text-align: center;\">&#8220;Mozart-Allstars&#8221; Sieben Opern von Wolfgang Amadeus Mozart auf einer Doppelseite untergebracht.<\/p>\n<p style=\"text-align: center;\"><a href=\"http:\/\/www.useuse.de\/uselog\/wp-content\/uploads\/2016\/03\/1603-serail-streifen-semperoper-alexjahn-web.jpg\"><img loading=\"lazy\" decoding=\"async\" class=\"alignleft size-full wp-image-1745\" src=\"http:\/\/www.useuse.de\/uselog\/wp-content\/uploads\/2016\/03\/1603-serail-streifen-semperoper-alexjahn-web.jpg\" alt=\"\" width=\"500\" height=\"169\" srcset=\"http:\/\/www.useuse.de\/uselog\/wp-content\/uploads\/2016\/03\/1603-serail-streifen-semperoper-alexjahn-web.jpg 1000w, http:\/\/www.useuse.de\/uselog\/wp-content\/uploads\/2016\/03\/1603-serail-streifen-semperoper-alexjahn-web-300x102.jpg 300w, http:\/\/www.useuse.de\/uselog\/wp-content\/uploads\/2016\/03\/1603-serail-streifen-semperoper-alexjahn-web-768x260.jpg 768w\" sizes=\"auto, (max-width: 500px) 100vw, 500px\" \/><\/a><\/p>\n<p style=\"text-align: center;\"><a href=\"http:\/\/www.useuse.de\/uselog\/wp-content\/uploads\/2016\/03\/1603-serail-allein-semperoper-alexjahn-web.jpg\"><img loading=\"lazy\" decoding=\"async\" class=\"alignleft size-full wp-image-1746\" src=\"http:\/\/www.useuse.de\/uselog\/wp-content\/uploads\/2016\/03\/1603-serail-allein-semperoper-alexjahn-web.jpg\" alt=\"\" width=\"500\" height=\"341\" srcset=\"http:\/\/www.useuse.de\/uselog\/wp-content\/uploads\/2016\/03\/1603-serail-allein-semperoper-alexjahn-web.jpg 2000w, http:\/\/www.useuse.de\/uselog\/wp-content\/uploads\/2016\/03\/1603-serail-allein-semperoper-alexjahn-web-300x205.jpg 300w, http:\/\/www.useuse.de\/uselog\/wp-content\/uploads\/2016\/03\/1603-serail-allein-semperoper-alexjahn-web-1024x699.jpg 1024w, http:\/\/www.useuse.de\/uselog\/wp-content\/uploads\/2016\/03\/1603-serail-allein-semperoper-alexjahn-web-768x524.jpg 768w, http:\/\/www.useuse.de\/uselog\/wp-content\/uploads\/2016\/03\/1603-serail-allein-semperoper-alexjahn-web-1536x1048.jpg 1536w\" sizes=\"auto, (max-width: 500px) 100vw, 500px\" \/><\/a><\/p>\n<p style=\"text-align: center;\">Gezeichnete Oper: Mozarts &#8220;Entf\u00fchrung aus dem Serail&#8221;.<\/p>\n<p><a href=\"http:\/\/www.useuse.de\/uselog\/wp-content\/uploads\/2016\/03\/1603-semperoper1617-alexjahn-web.jpg\"><img loading=\"lazy\" decoding=\"async\" class=\"alignleft size-full wp-image-1747\" src=\"http:\/\/www.useuse.de\/uselog\/wp-content\/uploads\/2016\/03\/1603-semperoper1617-alexjahn-web.jpg\" alt=\"\" width=\"500\" height=\"425\" srcset=\"http:\/\/www.useuse.de\/uselog\/wp-content\/uploads\/2016\/03\/1603-semperoper1617-alexjahn-web.jpg 2000w, http:\/\/www.useuse.de\/uselog\/wp-content\/uploads\/2016\/03\/1603-semperoper1617-alexjahn-web-300x255.jpg 300w, http:\/\/www.useuse.de\/uselog\/wp-content\/uploads\/2016\/03\/1603-semperoper1617-alexjahn-web-1024x871.jpg 1024w, http:\/\/www.useuse.de\/uselog\/wp-content\/uploads\/2016\/03\/1603-semperoper1617-alexjahn-web-768x653.jpg 768w, http:\/\/www.useuse.de\/uselog\/wp-content\/uploads\/2016\/03\/1603-semperoper1617-alexjahn-web-1536x1306.jpg 1536w\" sizes=\"auto, (max-width: 500px) 100vw, 500px\" \/><\/a><\/p>\n<p style=\"text-align: center;\">Illustrationen f\u00fcr die Jahresvorschau 2016\/2017 der <strong><a href=\"https:\/\/www.semperoper.de\" target=\"_blank\">Semperoper Dresden<\/a><\/strong>.<br \/>\nDie komplette Vorschau gibt es <strong><a href=\"https:\/\/www.semperoper.de\/fileadmin\/semperoper\/bilder\/publikationen\/Saisonbroschuere_Jahresheft_2016-17.pdf\" target=\"_blank\">hier<\/a><\/strong> als PDF.<br \/>\n<em>F\u00fcr eine gr\u00f6\u00dfere Ansicht bitte auf die Bilder klicken.<\/em><\/p>\n","protected":false},"excerpt":{"rendered":"<p>&#8220;Mozart-Allstars&#8221; Sieben Opern von Wolfgang Amadeus Mozart auf einer Doppelseite untergebracht. Gezeichnete Oper: Mozarts &#8220;Entf\u00fchrung aus dem Serail&#8221;. Illustrationen f\u00fcr die Jahresvorschau 2016\/2017 der Semperoper Dresden. Die komplette Vorschau gibt es hier als PDF. F\u00fcr eine gr\u00f6\u00dfere Ansicht bitte auf die Bilder klicken.<\/p>\n","protected":false},"author":1,"featured_media":0,"comment_status":"open","ping_status":"open","sticky":false,"template":"","format":"standard","meta":{"ngg_post_thumbnail":0,"footnotes":""},"categories":[1,2],"tags":[6,346,350,28,348,345,347,349],"class_list":["post-1743","post","type-post","status-publish","format-standard","hentry","category-freude","category-liebe","tag-alex-jahn","tag-dresden","tag-fons-hickmann","tag-illustration","tag-mozart","tag-semperoper","tag-semperoper-dresden","tag-sieben-opern","entry"],"_links":{"self":[{"href":"http:\/\/www.useuse.de\/uselog\/index.php?rest_route=\/wp\/v2\/posts\/1743","targetHints":{"allow":["GET"]}}],"collection":[{"href":"http:\/\/www.useuse.de\/uselog\/index.php?rest_route=\/wp\/v2\/posts"}],"about":[{"href":"http:\/\/www.useuse.de\/uselog\/index.php?rest_route=\/wp\/v2\/types\/post"}],"author":[{"embeddable":true,"href":"http:\/\/www.useuse.de\/uselog\/index.php?rest_route=\/wp\/v2\/users\/1"}],"replies":[{"embeddable":true,"href":"http:\/\/www.useuse.de\/uselog\/index.php?rest_route=%2Fwp%2Fv2%2Fcomments&post=1743"}],"version-history":[{"count":7,"href":"http:\/\/www.useuse.de\/uselog\/index.php?rest_route=\/wp\/v2\/posts\/1743\/revisions"}],"predecessor-version":[{"id":1754,"href":"http:\/\/www.useuse.de\/uselog\/index.php?rest_route=\/wp\/v2\/posts\/1743\/revisions\/1754"}],"wp:attachment":[{"href":"http:\/\/www.useuse.de\/uselog\/index.php?rest_route=%2Fwp%2Fv2%2Fmedia&parent=1743"}],"wp:term":[{"taxonomy":"category","embeddable":true,"href":"http:\/\/www.useuse.de\/uselog\/index.php?rest_route=%2Fwp%2Fv2%2Fcategories&post=1743"},{"taxonomy":"post_tag","embeddable":true,"href":"http:\/\/www.useuse.de\/uselog\/index.php?rest_route=%2Fwp%2Fv2%2Ftags&post=1743"}],"curies":[{"name":"wp","href":"https:\/\/api.w.org\/{rel}","templated":true}]}}