{"id":1433,"date":"2014-10-27T00:39:35","date_gmt":"2014-10-26T22:39:35","guid":{"rendered":"http:\/\/www.useuse.de\/uselog\/?p=1433"},"modified":"2014-10-28T22:07:00","modified_gmt":"2014-10-28T20:07:00","slug":"zeit-campus-diesmal-in-%e2%80%a6-2","status":"publish","type":"post","link":"http:\/\/www.useuse.de\/uselog\/?p=1433","title":{"rendered":"ZEIT Campus \/ Diesmal in \u2026 Kiel"},"content":{"rendered":"<p><a href=\"http:\/\/www.useuse.de\/uselog\/wp-content\/uploads\/2014\/10\/1411-zeit-campus6a-kiel-oder-alexjahn-useuse.jpg\"><img loading=\"lazy\" decoding=\"async\" class=\"alignleft size-full wp-image-1434\" src=\"http:\/\/www.useuse.de\/uselog\/wp-content\/uploads\/2014\/10\/1411-zeit-campus6a-kiel-oder-alexjahn-useuse.jpg\" alt=\"\" width=\"500\" height=\"560\" srcset=\"http:\/\/www.useuse.de\/uselog\/wp-content\/uploads\/2014\/10\/1411-zeit-campus6a-kiel-oder-alexjahn-useuse.jpg 1200w, http:\/\/www.useuse.de\/uselog\/wp-content\/uploads\/2014\/10\/1411-zeit-campus6a-kiel-oder-alexjahn-useuse-268x300.jpg 268w, http:\/\/www.useuse.de\/uselog\/wp-content\/uploads\/2014\/10\/1411-zeit-campus6a-kiel-oder-alexjahn-useuse-914x1024.jpg 914w, http:\/\/www.useuse.de\/uselog\/wp-content\/uploads\/2014\/10\/1411-zeit-campus6a-kiel-oder-alexjahn-useuse-768x860.jpg 768w\" sizes=\"auto, (max-width: 500px) 100vw, 500px\" \/><\/a><\/p>\n<p><a href=\"http:\/\/www.useuse.de\/uselog\/wp-content\/uploads\/2014\/10\/1411-zeit-campus6-kiel-oder-alexjahn-useuse.jpg\"><img loading=\"lazy\" decoding=\"async\" class=\"alignleft size-full wp-image-1435\" src=\"http:\/\/www.useuse.de\/uselog\/wp-content\/uploads\/2014\/10\/1411-zeit-campus6-kiel-oder-alexjahn-useuse.jpg\" alt=\"\" width=\"500\" height=\"582\" srcset=\"http:\/\/www.useuse.de\/uselog\/wp-content\/uploads\/2014\/10\/1411-zeit-campus6-kiel-oder-alexjahn-useuse.jpg 1500w, http:\/\/www.useuse.de\/uselog\/wp-content\/uploads\/2014\/10\/1411-zeit-campus6-kiel-oder-alexjahn-useuse-257x300.jpg 257w, http:\/\/www.useuse.de\/uselog\/wp-content\/uploads\/2014\/10\/1411-zeit-campus6-kiel-oder-alexjahn-useuse-879x1024.jpg 879w, http:\/\/www.useuse.de\/uselog\/wp-content\/uploads\/2014\/10\/1411-zeit-campus6-kiel-oder-alexjahn-useuse-768x895.jpg 768w, http:\/\/www.useuse.de\/uselog\/wp-content\/uploads\/2014\/10\/1411-zeit-campus6-kiel-oder-alexjahn-useuse-1318x1536.jpg 1318w\" sizes=\"auto, (max-width: 500px) 100vw, 500px\" \/><\/a><\/p>\n<p>Diemal in Kiel. F\u00fcr <a href=\"http:\/\/leserservice.zeit.de\/magazine\/ZEIT-Campus\/\" target=\"_blank\"><strong>ZEIT Campus<\/strong><\/a> (Nr.6 November\/Dezember 2014)<br \/>\n(Anklicken f\u00fcr eine etwas gr\u00f6\u00dfere Ansicht)<\/p>\n","protected":false},"excerpt":{"rendered":"<p>Diemal in Kiel. F\u00fcr ZEIT Campus (Nr.6 November\/Dezember 2014) (Anklicken f\u00fcr eine etwas gr\u00f6\u00dfere Ansicht)<\/p>\n","protected":false},"author":1,"featured_media":0,"comment_status":"open","ping_status":"open","sticky":false,"template":"","format":"standard","meta":{"ngg_post_thumbnail":0,"footnotes":""},"categories":[1,2],"tags":[6,28,17,254,220,225,123],"class_list":["post-1433","post","type-post","status-publish","format-standard","hentry","category-freude","category-liebe","tag-alex-jahn","tag-illustration","tag-koln","tag-kiel","tag-uni","tag-universitat","tag-zeit-campus","entry"],"_links":{"self":[{"href":"http:\/\/www.useuse.de\/uselog\/index.php?rest_route=\/wp\/v2\/posts\/1433","targetHints":{"allow":["GET"]}}],"collection":[{"href":"http:\/\/www.useuse.de\/uselog\/index.php?rest_route=\/wp\/v2\/posts"}],"about":[{"href":"http:\/\/www.useuse.de\/uselog\/index.php?rest_route=\/wp\/v2\/types\/post"}],"author":[{"embeddable":true,"href":"http:\/\/www.useuse.de\/uselog\/index.php?rest_route=\/wp\/v2\/users\/1"}],"replies":[{"embeddable":true,"href":"http:\/\/www.useuse.de\/uselog\/index.php?rest_route=%2Fwp%2Fv2%2Fcomments&post=1433"}],"version-history":[{"count":3,"href":"http:\/\/www.useuse.de\/uselog\/index.php?rest_route=\/wp\/v2\/posts\/1433\/revisions"}],"predecessor-version":[{"id":1438,"href":"http:\/\/www.useuse.de\/uselog\/index.php?rest_route=\/wp\/v2\/posts\/1433\/revisions\/1438"}],"wp:attachment":[{"href":"http:\/\/www.useuse.de\/uselog\/index.php?rest_route=%2Fwp%2Fv2%2Fmedia&parent=1433"}],"wp:term":[{"taxonomy":"category","embeddable":true,"href":"http:\/\/www.useuse.de\/uselog\/index.php?rest_route=%2Fwp%2Fv2%2Fcategories&post=1433"},{"taxonomy":"post_tag","embeddable":true,"href":"http:\/\/www.useuse.de\/uselog\/index.php?rest_route=%2Fwp%2Fv2%2Ftags&post=1433"}],"curies":[{"name":"wp","href":"https:\/\/api.w.org\/{rel}","templated":true}]}}