{"id":1383,"date":"2014-09-02T20:07:36","date_gmt":"2014-09-02T18:07:36","guid":{"rendered":"http:\/\/www.useuse.de\/uselog\/?p=1383"},"modified":"2014-09-02T20:07:36","modified_gmt":"2014-09-02T18:07:36","slug":"zeit-campus-diesmal-in-%e2%80%a6","status":"publish","type":"post","link":"http:\/\/www.useuse.de\/uselog\/?p=1383","title":{"rendered":"ZEIT Campus \/ Diesmal in \u2026"},"content":{"rendered":"<p><a href=\"http:\/\/www.useuse.de\/uselog\/wp-content\/uploads\/2014\/09\/1408-zeit-campus5-frankfurt-oder-wappen-alexjahn-useuse.jpg\"><img loading=\"lazy\" decoding=\"async\" class=\"alignleft size-full wp-image-1384\" src=\"http:\/\/www.useuse.de\/uselog\/wp-content\/uploads\/2014\/09\/1408-zeit-campus5-frankfurt-oder-wappen-alexjahn-useuse.jpg\" alt=\"\" width=\"500\" height=\"574\" srcset=\"http:\/\/www.useuse.de\/uselog\/wp-content\/uploads\/2014\/09\/1408-zeit-campus5-frankfurt-oder-wappen-alexjahn-useuse.jpg 1300w, http:\/\/www.useuse.de\/uselog\/wp-content\/uploads\/2014\/09\/1408-zeit-campus5-frankfurt-oder-wappen-alexjahn-useuse-261x300.jpg 261w, http:\/\/www.useuse.de\/uselog\/wp-content\/uploads\/2014\/09\/1408-zeit-campus5-frankfurt-oder-wappen-alexjahn-useuse-891x1024.jpg 891w, http:\/\/www.useuse.de\/uselog\/wp-content\/uploads\/2014\/09\/1408-zeit-campus5-frankfurt-oder-wappen-alexjahn-useuse-768x883.jpg 768w\" sizes=\"auto, (max-width: 500px) 100vw, 500px\" \/><\/a><\/p>\n<p><a href=\"http:\/\/www.useuse.de\/uselog\/wp-content\/uploads\/2014\/09\/1408-zeit-campus5-frankfurt-oder-alexjahn-useuse.jpg\"><img loading=\"lazy\" decoding=\"async\" class=\"alignleft size-full wp-image-1385\" title=\"1408-zeit-campus5-frankfurt-oder-alexjahn-useuse\" src=\"http:\/\/www.useuse.de\/uselog\/wp-content\/uploads\/2014\/09\/1408-zeit-campus5-frankfurt-oder-alexjahn-useuse.jpg\" alt=\"\" width=\"500\" height=\"334\" srcset=\"http:\/\/www.useuse.de\/uselog\/wp-content\/uploads\/2014\/09\/1408-zeit-campus5-frankfurt-oder-alexjahn-useuse.jpg 2000w, http:\/\/www.useuse.de\/uselog\/wp-content\/uploads\/2014\/09\/1408-zeit-campus5-frankfurt-oder-alexjahn-useuse-300x201.jpg 300w, http:\/\/www.useuse.de\/uselog\/wp-content\/uploads\/2014\/09\/1408-zeit-campus5-frankfurt-oder-alexjahn-useuse-1024x685.jpg 1024w, http:\/\/www.useuse.de\/uselog\/wp-content\/uploads\/2014\/09\/1408-zeit-campus5-frankfurt-oder-alexjahn-useuse-768x514.jpg 768w, http:\/\/www.useuse.de\/uselog\/wp-content\/uploads\/2014\/09\/1408-zeit-campus5-frankfurt-oder-alexjahn-useuse-1536x1028.jpg 1536w\" sizes=\"auto, (max-width: 500px) 100vw, 500px\" \/><\/a><br \/>\nDiemal in Frankfurt (Oder). F\u00fcr <a href=\"http:\/\/leserservice.zeit.de\/magazine\/ZEIT-Campus\/\" target=\"_blank\"><strong>ZEIT Campus<\/strong><\/a> (Nr.5 September\/Oktober 2014)<br \/>\n<em>(Anklicken f\u00fcr eine etwas gr\u00f6\u00dfere Ansicht)<\/em><\/p>\n","protected":false},"excerpt":{"rendered":"<p>Diemal in Frankfurt (Oder). F\u00fcr ZEIT Campus (Nr.5 September\/Oktober 2014) (Anklicken f\u00fcr eine etwas gr\u00f6\u00dfere Ansicht)<\/p>\n","protected":false},"author":1,"featured_media":0,"comment_status":"open","ping_status":"open","sticky":false,"template":"","format":"standard","meta":{"ngg_post_thumbnail":0,"footnotes":""},"categories":[1,2],"tags":[6,237,17,5,123],"class_list":["post-1383","post","type-post","status-publish","format-standard","hentry","category-freude","category-liebe","tag-alex-jahn","tag-frankfurt-oder","tag-koln","tag-useuse","tag-zeit-campus","entry"],"_links":{"self":[{"href":"http:\/\/www.useuse.de\/uselog\/index.php?rest_route=\/wp\/v2\/posts\/1383","targetHints":{"allow":["GET"]}}],"collection":[{"href":"http:\/\/www.useuse.de\/uselog\/index.php?rest_route=\/wp\/v2\/posts"}],"about":[{"href":"http:\/\/www.useuse.de\/uselog\/index.php?rest_route=\/wp\/v2\/types\/post"}],"author":[{"embeddable":true,"href":"http:\/\/www.useuse.de\/uselog\/index.php?rest_route=\/wp\/v2\/users\/1"}],"replies":[{"embeddable":true,"href":"http:\/\/www.useuse.de\/uselog\/index.php?rest_route=%2Fwp%2Fv2%2Fcomments&post=1383"}],"version-history":[{"count":1,"href":"http:\/\/www.useuse.de\/uselog\/index.php?rest_route=\/wp\/v2\/posts\/1383\/revisions"}],"predecessor-version":[{"id":1386,"href":"http:\/\/www.useuse.de\/uselog\/index.php?rest_route=\/wp\/v2\/posts\/1383\/revisions\/1386"}],"wp:attachment":[{"href":"http:\/\/www.useuse.de\/uselog\/index.php?rest_route=%2Fwp%2Fv2%2Fmedia&parent=1383"}],"wp:term":[{"taxonomy":"category","embeddable":true,"href":"http:\/\/www.useuse.de\/uselog\/index.php?rest_route=%2Fwp%2Fv2%2Fcategories&post=1383"},{"taxonomy":"post_tag","embeddable":true,"href":"http:\/\/www.useuse.de\/uselog\/index.php?rest_route=%2Fwp%2Fv2%2Ftags&post=1383"}],"curies":[{"name":"wp","href":"https:\/\/api.w.org\/{rel}","templated":true}]}}