{"id":1337,"date":"2014-04-15T09:10:35","date_gmt":"2014-04-15T07:10:35","guid":{"rendered":"http:\/\/www.useuse.de\/uselog\/?p=1337"},"modified":"2014-04-15T09:11:51","modified_gmt":"2014-04-15T07:11:51","slug":"kolner-stadt-anzeiger-oster-karli","status":"publish","type":"post","link":"http:\/\/www.useuse.de\/uselog\/?p=1337","title":{"rendered":"K\u00f6lner Stadt-Anzeiger \/ Oster-Karli"},"content":{"rendered":"<p><a href=\"http:\/\/www.useuse.de\/uselog\/wp-content\/uploads\/2014\/04\/1404-oster-karli-ksta-alexjahn-useuse.jpg\"><img loading=\"lazy\" decoding=\"async\" class=\"alignleft size-full wp-image-1336\" src=\"http:\/\/www.useuse.de\/uselog\/wp-content\/uploads\/2014\/04\/1404-oster-karli-ksta-alexjahn-useuse.jpg\" alt=\"\" width=\"500\" height=\"666\" srcset=\"http:\/\/www.useuse.de\/uselog\/wp-content\/uploads\/2014\/04\/1404-oster-karli-ksta-alexjahn-useuse.jpg 1500w, http:\/\/www.useuse.de\/uselog\/wp-content\/uploads\/2014\/04\/1404-oster-karli-ksta-alexjahn-useuse-225x300.jpg 225w, http:\/\/www.useuse.de\/uselog\/wp-content\/uploads\/2014\/04\/1404-oster-karli-ksta-alexjahn-useuse-768x1024.jpg 768w, http:\/\/www.useuse.de\/uselog\/wp-content\/uploads\/2014\/04\/1404-oster-karli-ksta-alexjahn-useuse-1152x1536.jpg 1152w\" sizes=\"auto, (max-width: 500px) 100vw, 500px\" \/><\/a><\/p>\n<p><strong>&#8220;Wer malt Karli am buntesten aus?&#8221;<\/strong><br \/>\nEin Oster-Ausmal-Karli f\u00fcr die Wochenendausgabe des KStA.<br \/>\nAusgabe Samstag\/Sonntag, 12.\/13. April 2014, Nr.87.<br \/>\n(F\u00fcr eine gr\u00f6\u00dfere Ansicht bitte auf das Bild klicken)<\/p>\n","protected":false},"excerpt":{"rendered":"<p>&#8220;Wer malt Karli am buntesten aus?&#8221; Ein Oster-Ausmal-Karli f\u00fcr die Wochenendausgabe des KStA. Ausgabe Samstag\/Sonntag, 12.\/13. April 2014, Nr.87. (F\u00fcr eine gr\u00f6\u00dfere Ansicht bitte auf das Bild klicken)<\/p>\n","protected":false},"author":1,"featured_media":0,"comment_status":"open","ping_status":"open","sticky":false,"template":"","format":"standard","meta":{"ngg_post_thumbnail":0,"footnotes":""},"categories":[1,2],"tags":[6,214,215,114,23,216,24,212,217,213],"class_list":["post-1337","post","type-post","status-publish","format-standard","hentry","category-freude","category-liebe","tag-alex-jahn","tag-ausmalen","tag-gewinnspiel","tag-karli","tag-kolner-stadt-anzeiger","tag-kinder","tag-ksta","tag-oster-karli","tag-osterferien","tag-ostern","entry"],"_links":{"self":[{"href":"http:\/\/www.useuse.de\/uselog\/index.php?rest_route=\/wp\/v2\/posts\/1337","targetHints":{"allow":["GET"]}}],"collection":[{"href":"http:\/\/www.useuse.de\/uselog\/index.php?rest_route=\/wp\/v2\/posts"}],"about":[{"href":"http:\/\/www.useuse.de\/uselog\/index.php?rest_route=\/wp\/v2\/types\/post"}],"author":[{"embeddable":true,"href":"http:\/\/www.useuse.de\/uselog\/index.php?rest_route=\/wp\/v2\/users\/1"}],"replies":[{"embeddable":true,"href":"http:\/\/www.useuse.de\/uselog\/index.php?rest_route=%2Fwp%2Fv2%2Fcomments&post=1337"}],"version-history":[{"count":3,"href":"http:\/\/www.useuse.de\/uselog\/index.php?rest_route=\/wp\/v2\/posts\/1337\/revisions"}],"predecessor-version":[{"id":1340,"href":"http:\/\/www.useuse.de\/uselog\/index.php?rest_route=\/wp\/v2\/posts\/1337\/revisions\/1340"}],"wp:attachment":[{"href":"http:\/\/www.useuse.de\/uselog\/index.php?rest_route=%2Fwp%2Fv2%2Fmedia&parent=1337"}],"wp:term":[{"taxonomy":"category","embeddable":true,"href":"http:\/\/www.useuse.de\/uselog\/index.php?rest_route=%2Fwp%2Fv2%2Fcategories&post=1337"},{"taxonomy":"post_tag","embeddable":true,"href":"http:\/\/www.useuse.de\/uselog\/index.php?rest_route=%2Fwp%2Fv2%2Ftags&post=1337"}],"curies":[{"name":"wp","href":"https:\/\/api.w.org\/{rel}","templated":true}]}}