{"id":1118,"date":"2013-03-12T00:40:11","date_gmt":"2013-03-11T22:40:11","guid":{"rendered":"http:\/\/www.useuse.de\/uselog\/?p=1118"},"modified":"2013-03-12T00:54:32","modified_gmt":"2013-03-11T22:54:32","slug":"semper-05-magazin-der-semperoper-dresden","status":"publish","type":"post","link":"http:\/\/www.useuse.de\/uselog\/?p=1118","title":{"rendered":"LA CENERENTOLA | Semper! #05, Magazin der Semperoper Dresden"},"content":{"rendered":"<p><a href=\"http:\/\/www.useuse.de\/uselog\/wp-content\/uploads\/2013\/03\/1303_semperoper_mag_01_alex_jahn_useuse.jpg\"><img loading=\"lazy\" decoding=\"async\" class=\"alignleft size-full wp-image-1121\" src=\"http:\/\/www.useuse.de\/uselog\/wp-content\/uploads\/2013\/03\/1303_semperoper_mag_01_alex_jahn_useuse.jpg\" alt=\"\" width=\"500\" height=\"666\" srcset=\"http:\/\/www.useuse.de\/uselog\/wp-content\/uploads\/2013\/03\/1303_semperoper_mag_01_alex_jahn_useuse.jpg 1000w, http:\/\/www.useuse.de\/uselog\/wp-content\/uploads\/2013\/03\/1303_semperoper_mag_01_alex_jahn_useuse-225x300.jpg 225w, http:\/\/www.useuse.de\/uselog\/wp-content\/uploads\/2013\/03\/1303_semperoper_mag_01_alex_jahn_useuse-768x1024.jpg 768w\" sizes=\"auto, (max-width: 500px) 100vw, 500px\" \/><\/a><\/p>\n<p><a href=\"http:\/\/www.useuse.de\/uselog\/wp-content\/uploads\/2013\/03\/1303_semperoper_mag_02_alex_jahn_useuse.jpg\"><img loading=\"lazy\" decoding=\"async\" class=\"alignleft size-full wp-image-1122\" src=\"http:\/\/www.useuse.de\/uselog\/wp-content\/uploads\/2013\/03\/1303_semperoper_mag_02_alex_jahn_useuse.jpg\" alt=\"\" width=\"500\" height=\"368\" \/><\/a><\/p>\n<p><em>&#8220;La cenerentola \/ Aschenputtel&#8221; <\/em><br \/>\nIllustrationen f\u00fcr <a href=\"http:\/\/www.semperoper.de\/\" target=\"_blank\"><strong>SEMPER! (#05). Magazin der Semperoper Dresden<\/strong>.<\/a><br \/>\nZusammen mit <a href=\"http:\/\/www.fonshickmann.com\/\" target=\"_blank\"><strong>FONS HICKMANN M23.<\/strong> <\/a><br \/>\n(f\u00fcr etwas gr\u00f6\u00dfere Ansichten bitte auf die Bilder klicken)<\/p>\n<p><a href=\"http:\/\/www.useuse.de\/uselog\/wp-content\/uploads\/2013\/03\/1303_semperoper_mag_03b_alex_jahn_useuse1.jpg\"><img loading=\"lazy\" decoding=\"async\" class=\"alignleft size-full wp-image-1124\" src=\"http:\/\/www.useuse.de\/uselog\/wp-content\/uploads\/2013\/03\/1303_semperoper_mag_03b_alex_jahn_useuse1.jpg\" alt=\"\" width=\"500\" height=\"1019\" srcset=\"http:\/\/www.useuse.de\/uselog\/wp-content\/uploads\/2013\/03\/1303_semperoper_mag_03b_alex_jahn_useuse1.jpg 1200w, http:\/\/www.useuse.de\/uselog\/wp-content\/uploads\/2013\/03\/1303_semperoper_mag_03b_alex_jahn_useuse1-147x300.jpg 147w, http:\/\/www.useuse.de\/uselog\/wp-content\/uploads\/2013\/03\/1303_semperoper_mag_03b_alex_jahn_useuse1-502x1024.jpg 502w, http:\/\/www.useuse.de\/uselog\/wp-content\/uploads\/2013\/03\/1303_semperoper_mag_03b_alex_jahn_useuse1-768x1565.jpg 768w, http:\/\/www.useuse.de\/uselog\/wp-content\/uploads\/2013\/03\/1303_semperoper_mag_03b_alex_jahn_useuse1-754x1536.jpg 754w, http:\/\/www.useuse.de\/uselog\/wp-content\/uploads\/2013\/03\/1303_semperoper_mag_03b_alex_jahn_useuse1-1005x2048.jpg 1005w\" sizes=\"auto, (max-width: 500px) 100vw, 500px\" \/><\/a><\/p>\n","protected":false},"excerpt":{"rendered":"<p>&#8220;La cenerentola \/ Aschenputtel&#8221; Illustrationen f\u00fcr SEMPER! (#05). Magazin der Semperoper Dresden. Zusammen mit FONS HICKMANN M23. (f\u00fcr etwas gr\u00f6\u00dfere Ansichten bitte auf die Bilder klicken)<\/p>\n","protected":false},"author":1,"featured_media":0,"comment_status":"open","ping_status":"open","sticky":false,"template":"","format":"standard","meta":{"ngg_post_thumbnail":0,"footnotes":""},"categories":[1,2],"tags":[6,16,68,29,65,10,61,63,17,67,20,18,19,64,66,35,5,59],"class_list":["post-1118","post","type-post","status-publish","format-standard","hentry","category-freude","category-liebe","tag-alex-jahn","tag-alexander-jahn","tag-aschenputtel","tag-cologne","tag-fons-hickmann-m23","tag-forvert","tag-germany","tag-illustration-semperoper-dresden","tag-koln","tag-la-cenerentola","tag-leverkusen","tag-malva","tag-schlebusch","tag-semper-oper","tag-semper-magazin","tag-use-use","tag-useuse","tag-zeichnung","entry"],"_links":{"self":[{"href":"http:\/\/www.useuse.de\/uselog\/index.php?rest_route=\/wp\/v2\/posts\/1118","targetHints":{"allow":["GET"]}}],"collection":[{"href":"http:\/\/www.useuse.de\/uselog\/index.php?rest_route=\/wp\/v2\/posts"}],"about":[{"href":"http:\/\/www.useuse.de\/uselog\/index.php?rest_route=\/wp\/v2\/types\/post"}],"author":[{"embeddable":true,"href":"http:\/\/www.useuse.de\/uselog\/index.php?rest_route=\/wp\/v2\/users\/1"}],"replies":[{"embeddable":true,"href":"http:\/\/www.useuse.de\/uselog\/index.php?rest_route=%2Fwp%2Fv2%2Fcomments&post=1118"}],"version-history":[{"count":3,"href":"http:\/\/www.useuse.de\/uselog\/index.php?rest_route=\/wp\/v2\/posts\/1118\/revisions"}],"predecessor-version":[{"id":1129,"href":"http:\/\/www.useuse.de\/uselog\/index.php?rest_route=\/wp\/v2\/posts\/1118\/revisions\/1129"}],"wp:attachment":[{"href":"http:\/\/www.useuse.de\/uselog\/index.php?rest_route=%2Fwp%2Fv2%2Fmedia&parent=1118"}],"wp:term":[{"taxonomy":"category","embeddable":true,"href":"http:\/\/www.useuse.de\/uselog\/index.php?rest_route=%2Fwp%2Fv2%2Fcategories&post=1118"},{"taxonomy":"post_tag","embeddable":true,"href":"http:\/\/www.useuse.de\/uselog\/index.php?rest_route=%2Fwp%2Fv2%2Ftags&post=1118"}],"curies":[{"name":"wp","href":"https:\/\/api.w.org\/{rel}","templated":true}]}}